{"id":4549,"date":"2026-09-01T15:03:00","date_gmt":"2026-09-01T14:03:00","guid":{"rendered":"http:\/\/www.musikkapellehuben.at\/mkneu\/?p=4549"},"modified":"2026-09-02T15:46:56","modified_gmt":"2026-09-02T14:46:56","slug":"konzert-der-mk-laengenfeld","status":"publish","type":"post","link":"http:\/\/www.musikkapellehuben.at\/mkneu\/konzert-der-mk-laengenfeld\/","title":{"rendered":"Konzert der MK L\u00e4ngenfeld"},"content":{"rendered":"\n<p>In unserer Urlaubswoche, spielte die Musikkapelle L\u00e4ngenfeld ein Konzert in Huben. <\/p>\n\n\n\n<figure class=\"wp-block-image size-large\"><img fetchpriority=\"high\" decoding=\"async\" width=\"1020\" height=\"765\" src=\"http:\/\/www.musikkapellehuben.at\/mkneu\/wp-content\/uploads\/2026\/09\/img_5131-1020x765.jpg\" class=\"wp-image-4546\" srcset=\"http:\/\/www.musikkapellehuben.at\/mkneu\/wp-content\/uploads\/2026\/09\/img_5131-1020x765.jpg 1020w, http:\/\/www.musikkapellehuben.at\/mkneu\/wp-content\/uploads\/2026\/09\/img_5131-632x474.jpg 632w, http:\/\/www.musikkapellehuben.at\/mkneu\/wp-content\/uploads\/2026\/09\/img_5131-768x576.jpg 768w, http:\/\/www.musikkapellehuben.at\/mkneu\/wp-content\/uploads\/2026\/09\/img_5131-1536x1152.jpg 1536w, http:\/\/www.musikkapellehuben.at\/mkneu\/wp-content\/uploads\/2026\/09\/img_5131-1140x855.jpg 1140w, http:\/\/www.musikkapellehuben.at\/mkneu\/wp-content\/uploads\/2026\/09\/img_5131.jpg 2000w\" sizes=\"(max-width: 1020px) 100vw, 1020px\" \/><\/figure>\n\n\n\n<p>Leider war das Wetter nicht so gut und der Aufmarsch musste abgesagt werden. Das Konzert konnte jedoch zum Gl\u00fcck stattfinden. Neben Polkas, M\u00e4rschen und Konzertst\u00fccken, fanden auch Solowerke Platz im Programm. <\/p>\n\n\n\n<figure class=\"wp-block-image size-large\"><img decoding=\"async\" width=\"1020\" height=\"765\" src=\"http:\/\/www.musikkapellehuben.at\/mkneu\/wp-content\/uploads\/2026\/09\/img_5126-1020x765.jpg\" class=\"wp-image-4547\" srcset=\"http:\/\/www.musikkapellehuben.at\/mkneu\/wp-content\/uploads\/2026\/09\/img_5126-1020x765.jpg 1020w, http:\/\/www.musikkapellehuben.at\/mkneu\/wp-content\/uploads\/2026\/09\/img_5126-632x474.jpg 632w, http:\/\/www.musikkapellehuben.at\/mkneu\/wp-content\/uploads\/2026\/09\/img_5126-768x576.jpg 768w, http:\/\/www.musikkapellehuben.at\/mkneu\/wp-content\/uploads\/2026\/09\/img_5126-1536x1152.jpg 1536w, http:\/\/www.musikkapellehuben.at\/mkneu\/wp-content\/uploads\/2026\/09\/img_5126-1140x855.jpg 1140w, http:\/\/www.musikkapellehuben.at\/mkneu\/wp-content\/uploads\/2026\/09\/img_5126.jpg 2000w\" sizes=\"(max-width: 1020px) 100vw, 1020px\" \/><\/figure>\n","protected":false},"excerpt":{"rendered":"<p>In unserer Urlaubswoche, spielte die Musikkapelle L\u00e4ngenfeld ein Konzert in Huben. Leider war das Wetter nicht so gut und der Aufmarsch musste abgesagt werden. Das Konzert konnte jedoch zum Gl\u00fcck stattfinden. Neben Polkas, M\u00e4rschen und Konzertst\u00fccken, fanden auch Solowerke Platz im Programm.<\/p>\n","protected":false},"author":3,"featured_media":4548,"comment_status":"closed","ping_status":"open","sticky":false,"template":"","format":"standard","meta":{"footnotes":""},"categories":[32,1,31],"tags":[],"class_list":["post-4549","post","type-post","status-publish","format-standard","has-post-thumbnail","hentry","category-32","category-allgemein","category-ankuendigungen"],"_links":{"self":[{"href":"http:\/\/www.musikkapellehuben.at\/mkneu\/wp-json\/wp\/v2\/posts\/4549"}],"collection":[{"href":"http:\/\/www.musikkapellehuben.at\/mkneu\/wp-json\/wp\/v2\/posts"}],"about":[{"href":"http:\/\/www.musikkapellehuben.at\/mkneu\/wp-json\/wp\/v2\/types\/post"}],"author":[{"embeddable":true,"href":"http:\/\/www.musikkapellehuben.at\/mkneu\/wp-json\/wp\/v2\/users\/3"}],"replies":[{"embeddable":true,"href":"http:\/\/www.musikkapellehuben.at\/mkneu\/wp-json\/wp\/v2\/comments?post=4549"}],"version-history":[{"count":1,"href":"http:\/\/www.musikkapellehuben.at\/mkneu\/wp-json\/wp\/v2\/posts\/4549\/revisions"}],"predecessor-version":[{"id":4550,"href":"http:\/\/www.musikkapellehuben.at\/mkneu\/wp-json\/wp\/v2\/posts\/4549\/revisions\/4550"}],"wp:featuredmedia":[{"embeddable":true,"href":"http:\/\/www.musikkapellehuben.at\/mkneu\/wp-json\/wp\/v2\/media\/4548"}],"wp:attachment":[{"href":"http:\/\/www.musikkapellehuben.at\/mkneu\/wp-json\/wp\/v2\/media?parent=4549"}],"wp:term":[{"taxonomy":"category","embeddable":true,"href":"http:\/\/www.musikkapellehuben.at\/mkneu\/wp-json\/wp\/v2\/categories?post=4549"},{"taxonomy":"post_tag","embeddable":true,"href":"http:\/\/www.musikkapellehuben.at\/mkneu\/wp-json\/wp\/v2\/tags?post=4549"}],"curies":[{"name":"wp","href":"https:\/\/api.w.org\/{rel}","templated":true}]}}