{"id":4544,"date":"2026-08-21T17:50:00","date_gmt":"2026-08-21T16:50:00","guid":{"rendered":"http:\/\/www.musikkapellehuben.at\/mkneu\/?p=4544"},"modified":"2026-09-02T15:42:57","modified_gmt":"2026-09-02T14:42:57","slug":"konzert-in-laengenfeld","status":"publish","type":"post","link":"http:\/\/www.musikkapellehuben.at\/mkneu\/konzert-in-laengenfeld\/","title":{"rendered":"Konzert in L\u00e4ngenfeld"},"content":{"rendered":"\n<p>Auch dieses Jahr spielte die Musikkapelle Huben wieder ein Konzert in L\u00e4ngenfeld. <\/p>\n\n\n\n<figure class=\"wp-block-image size-large\"><img fetchpriority=\"high\" decoding=\"async\" width=\"1020\" height=\"1123\" src=\"http:\/\/www.musikkapellehuben.at\/mkneu\/wp-content\/uploads\/2026\/09\/img_5150-1020x1123.jpg\" class=\"wp-image-4542\" srcset=\"http:\/\/www.musikkapellehuben.at\/mkneu\/wp-content\/uploads\/2026\/09\/img_5150-1020x1123.jpg 1020w, http:\/\/www.musikkapellehuben.at\/mkneu\/wp-content\/uploads\/2026\/09\/img_5150-632x696.jpg 632w, http:\/\/www.musikkapellehuben.at\/mkneu\/wp-content\/uploads\/2026\/09\/img_5150-768x845.jpg 768w, http:\/\/www.musikkapellehuben.at\/mkneu\/wp-content\/uploads\/2026\/09\/img_5150.jpg 1122w\" sizes=\"(max-width: 1020px) 100vw, 1020px\" \/><\/figure>\n\n\n\n<p>Trotz des nicht so guten Wetters, kamen viele Einheimische und G\u00e4ste auf unser Konzert. <\/p>\n\n\n\n<p>N\u00e4chste Woche spielt dann die Musikkapelle L\u00e4ngenfeld in Huben. <\/p>\n","protected":false},"excerpt":{"rendered":"<p>Auch dieses Jahr spielte die Musikkapelle Huben wieder ein Konzert in L\u00e4ngenfeld. Trotz des nicht so guten Wetters, kamen viele Einheimische und G\u00e4ste auf unser Konzert. N\u00e4chste Woche spielt dann die Musikkapelle L\u00e4ngenfeld in Huben.<\/p>\n","protected":false},"author":3,"featured_media":4543,"comment_status":"closed","ping_status":"open","sticky":false,"template":"","format":"standard","meta":{"footnotes":""},"categories":[32,1,31],"tags":[],"class_list":["post-4544","post","type-post","status-publish","format-standard","has-post-thumbnail","hentry","category-32","category-allgemein","category-ankuendigungen"],"_links":{"self":[{"href":"http:\/\/www.musikkapellehuben.at\/mkneu\/wp-json\/wp\/v2\/posts\/4544"}],"collection":[{"href":"http:\/\/www.musikkapellehuben.at\/mkneu\/wp-json\/wp\/v2\/posts"}],"about":[{"href":"http:\/\/www.musikkapellehuben.at\/mkneu\/wp-json\/wp\/v2\/types\/post"}],"author":[{"embeddable":true,"href":"http:\/\/www.musikkapellehuben.at\/mkneu\/wp-json\/wp\/v2\/users\/3"}],"replies":[{"embeddable":true,"href":"http:\/\/www.musikkapellehuben.at\/mkneu\/wp-json\/wp\/v2\/comments?post=4544"}],"version-history":[{"count":1,"href":"http:\/\/www.musikkapellehuben.at\/mkneu\/wp-json\/wp\/v2\/posts\/4544\/revisions"}],"predecessor-version":[{"id":4545,"href":"http:\/\/www.musikkapellehuben.at\/mkneu\/wp-json\/wp\/v2\/posts\/4544\/revisions\/4545"}],"wp:featuredmedia":[{"embeddable":true,"href":"http:\/\/www.musikkapellehuben.at\/mkneu\/wp-json\/wp\/v2\/media\/4543"}],"wp:attachment":[{"href":"http:\/\/www.musikkapellehuben.at\/mkneu\/wp-json\/wp\/v2\/media?parent=4544"}],"wp:term":[{"taxonomy":"category","embeddable":true,"href":"http:\/\/www.musikkapellehuben.at\/mkneu\/wp-json\/wp\/v2\/categories?post=4544"},{"taxonomy":"post_tag","embeddable":true,"href":"http:\/\/www.musikkapellehuben.at\/mkneu\/wp-json\/wp\/v2\/tags?post=4544"}],"curies":[{"name":"wp","href":"https:\/\/api.w.org\/{rel}","templated":true}]}}