{"id":4378,"date":"2026-05-01T11:56:18","date_gmt":"2026-05-01T10:56:18","guid":{"rendered":"http:\/\/www.musikkapellehuben.at\/mkneu\/?p=4378"},"modified":"2026-05-01T11:57:03","modified_gmt":"2026-05-01T10:57:03","slug":"fruehjahrskonzert-2026","status":"publish","type":"post","link":"http:\/\/www.musikkapellehuben.at\/mkneu\/fruehjahrskonzert-2026\/","title":{"rendered":"Fr\u00fchjahrskonzert 2026"},"content":{"rendered":"\n\n\n<p>Am 25. April fand unser Fr\u00fchjahrskonzert im Gemeindesaal in L\u00e4ngenfeld statt. Unter dem Motto &#8222;Von Helden und Legenden&#8220; erklangen die verschiedensten Facetten der Blasmusik.\u00a0<br \/><img loading=\"lazy\" decoding=\"async\" class=\"aligncenter size-medium wp-image-4379\" src=\"http:\/\/www.musikkapellehuben.at\/mkneu\/wp-content\/uploads\/2026\/05\/Fruehjahrskonzert-Gruppenbild-632x474.jpeg\" alt=\"\" width=\"632\" height=\"474\" srcset=\"http:\/\/www.musikkapellehuben.at\/mkneu\/wp-content\/uploads\/2026\/05\/Fruehjahrskonzert-Gruppenbild-632x474.jpeg 632w, http:\/\/www.musikkapellehuben.at\/mkneu\/wp-content\/uploads\/2026\/05\/Fruehjahrskonzert-Gruppenbild-1020x765.jpeg 1020w, http:\/\/www.musikkapellehuben.at\/mkneu\/wp-content\/uploads\/2026\/05\/Fruehjahrskonzert-Gruppenbild-768x576.jpeg 768w, http:\/\/www.musikkapellehuben.at\/mkneu\/wp-content\/uploads\/2026\/05\/Fruehjahrskonzert-Gruppenbild-1536x1152.jpeg 1536w, http:\/\/www.musikkapellehuben.at\/mkneu\/wp-content\/uploads\/2026\/05\/Fruehjahrskonzert-Gruppenbild-1140x855.jpeg 1140w, http:\/\/www.musikkapellehuben.at\/mkneu\/wp-content\/uploads\/2026\/05\/Fruehjahrskonzert-Gruppenbild.jpeg 2000w\" sizes=\"(max-width: 632px) 100vw, 632px\" \/><\/p>\n<p>Neben traditionellen M\u00e4rschen und Polkas fanden auch Konzertwerke und Filmusikst\u00fccke Platz in unserem Programm.<\/p>\n<p><img loading=\"lazy\" decoding=\"async\" class=\"aligncenter size-medium wp-image-4380\" src=\"http:\/\/www.musikkapellehuben.at\/mkneu\/wp-content\/uploads\/2026\/05\/20260425_185247386_iOS-632x356.jpeg\" alt=\"\" width=\"632\" height=\"356\" srcset=\"http:\/\/www.musikkapellehuben.at\/mkneu\/wp-content\/uploads\/2026\/05\/20260425_185247386_iOS-632x356.jpeg 632w, http:\/\/www.musikkapellehuben.at\/mkneu\/wp-content\/uploads\/2026\/05\/20260425_185247386_iOS-1020x574.jpeg 1020w, http:\/\/www.musikkapellehuben.at\/mkneu\/wp-content\/uploads\/2026\/05\/20260425_185247386_iOS-768x432.jpeg 768w, http:\/\/www.musikkapellehuben.at\/mkneu\/wp-content\/uploads\/2026\/05\/20260425_185247386_iOS-1536x864.jpeg 1536w, http:\/\/www.musikkapellehuben.at\/mkneu\/wp-content\/uploads\/2026\/05\/20260425_185247386_iOS-2048x1152.jpeg 2048w, http:\/\/www.musikkapellehuben.at\/mkneu\/wp-content\/uploads\/2026\/05\/20260425_185247386_iOS-1140x641.jpeg 1140w\" sizes=\"(max-width: 632px) 100vw, 632px\" \/><\/p>\n<p>Besonders hervorzuheben sind auch unsere Solisten an der Fl\u00f6te Marie-Therese Praxmarer und Patrick Auer, sowie unser Solos\u00e4ngerin Isabella Gr\u00fcner.<\/p>\n<p><img loading=\"lazy\" decoding=\"async\" class=\"aligncenter size-medium wp-image-4381\" src=\"http:\/\/www.musikkapellehuben.at\/mkneu\/wp-content\/uploads\/2026\/05\/20260425_182952087_iOS-632x356.jpeg\" alt=\"\" width=\"632\" height=\"356\" srcset=\"http:\/\/www.musikkapellehuben.at\/mkneu\/wp-content\/uploads\/2026\/05\/20260425_182952087_iOS-632x356.jpeg 632w, http:\/\/www.musikkapellehuben.at\/mkneu\/wp-content\/uploads\/2026\/05\/20260425_182952087_iOS-1020x574.jpeg 1020w, http:\/\/www.musikkapellehuben.at\/mkneu\/wp-content\/uploads\/2026\/05\/20260425_182952087_iOS-768x432.jpeg 768w, http:\/\/www.musikkapellehuben.at\/mkneu\/wp-content\/uploads\/2026\/05\/20260425_182952087_iOS-1536x864.jpeg 1536w, http:\/\/www.musikkapellehuben.at\/mkneu\/wp-content\/uploads\/2026\/05\/20260425_182952087_iOS-2048x1152.jpeg 2048w, http:\/\/www.musikkapellehuben.at\/mkneu\/wp-content\/uploads\/2026\/05\/20260425_182952087_iOS-1140x641.jpeg 1140w\" sizes=\"(max-width: 632px) 100vw, 632px\" \/><\/p>\n<p>\u00a0<\/p>\n<p>Wir gratulieren aber auch allen geehrten Musikanten und Musikantinnen. Danke, dass ihr schon so lange ein wichtiger Teil der Musikkapelle Huben seid.<\/p>\n<p><strong>Julia Fiegl<\/strong> &#8211; 25 Jahre<\/p>\n<p><strong>Elisabeth Fiegl<\/strong> &#8211; 25 Jahre<\/p>\n<p><strong>Werner Klotz<\/strong> &#8211; 40 Jahre<\/p>\n<p><strong>Ewald Praxmarer<\/strong> &#8211; 50 Jahre\u00a0<\/p>\n<p><strong>Andr\u00e4 Klotz<\/strong> &#8211; Verdienstabzeichen in Gr\u00fcn<\/p>\n<p><img loading=\"lazy\" decoding=\"async\" class=\"aligncenter size-medium wp-image-4388\" src=\"http:\/\/www.musikkapellehuben.at\/mkneu\/wp-content\/uploads\/2026\/05\/20260425_184957465_iOS-4-632x363.jpeg\" alt=\"\" width=\"632\" height=\"363\" srcset=\"http:\/\/www.musikkapellehuben.at\/mkneu\/wp-content\/uploads\/2026\/05\/20260425_184957465_iOS-4-632x363.jpeg 632w, http:\/\/www.musikkapellehuben.at\/mkneu\/wp-content\/uploads\/2026\/05\/20260425_184957465_iOS-4-1020x586.jpeg 1020w, http:\/\/www.musikkapellehuben.at\/mkneu\/wp-content\/uploads\/2026\/05\/20260425_184957465_iOS-4-768x441.jpeg 768w, http:\/\/www.musikkapellehuben.at\/mkneu\/wp-content\/uploads\/2026\/05\/20260425_184957465_iOS-4-1536x882.jpeg 1536w, http:\/\/www.musikkapellehuben.at\/mkneu\/wp-content\/uploads\/2026\/05\/20260425_184957465_iOS-4-2048x1176.jpeg 2048w, http:\/\/www.musikkapellehuben.at\/mkneu\/wp-content\/uploads\/2026\/05\/20260425_184957465_iOS-4-1140x654.jpeg 1140w\" sizes=\"(max-width: 632px) 100vw, 632px\" \/><\/p>\n<p>Wir bedanken uns bei allen, die gekommen sind und uns immer unterst\u00fctzen. Wir hoffen, viele bei unseren weiteren Terminen zu sehen &#8211; Wattertunier am 30.05 im Pavillion Huben.<\/p>\n<p><img loading=\"lazy\" decoding=\"async\" class=\"aligncenter size-medium wp-image-4384\" src=\"http:\/\/www.musikkapellehuben.at\/mkneu\/wp-content\/uploads\/2026\/05\/20260425_194247630_iOS-632x474.jpeg\" alt=\"\" width=\"632\" height=\"474\" srcset=\"http:\/\/www.musikkapellehuben.at\/mkneu\/wp-content\/uploads\/2026\/05\/20260425_194247630_iOS-632x474.jpeg 632w, http:\/\/www.musikkapellehuben.at\/mkneu\/wp-content\/uploads\/2026\/05\/20260425_194247630_iOS-1020x765.jpeg 1020w, http:\/\/www.musikkapellehuben.at\/mkneu\/wp-content\/uploads\/2026\/05\/20260425_194247630_iOS-768x576.jpeg 768w, http:\/\/www.musikkapellehuben.at\/mkneu\/wp-content\/uploads\/2026\/05\/20260425_194247630_iOS-1536x1152.jpeg 1536w, http:\/\/www.musikkapellehuben.at\/mkneu\/wp-content\/uploads\/2026\/05\/20260425_194247630_iOS-2048x1536.jpeg 2048w, http:\/\/www.musikkapellehuben.at\/mkneu\/wp-content\/uploads\/2026\/05\/20260425_194247630_iOS-1140x855.jpeg 1140w\" sizes=\"(max-width: 632px) 100vw, 632px\" \/><\/p>\n<p>\u00a0<\/p>\n<p>\u00a0<\/p>\n","protected":false},"excerpt":{"rendered":"<p>Am 25. April fand unser Fr\u00fchjahrskonzert im Gemeindesaal in L\u00e4ngenfeld statt. Unter dem Motto &#8222;Von Helden und Legenden&#8220; erklangen die verschiedensten Facetten der Blasmusik.\u00a0 Neben traditionellen M\u00e4rschen und Polkas fanden auch Konzertwerke und Filmusikst\u00fccke Platz in unserem Programm. Besonders hervorzuheben sind auch unsere Solisten an der Fl\u00f6te Marie-Therese Praxmarer und Patrick Auer, sowie unser Solos\u00e4ngerin Isabella Gr\u00fcner. \u00a0 Wir gratulieren aber auch allen geehrten Musikanten und Musikantinnen. Danke, dass ihr schon so lange ein wichtiger Teil der Musikkapelle Huben seid. Julia Fiegl &#8211; 25 Jahre Elisabeth Fiegl &#8211; 25 Jahre Werner Klotz &#8211; 40 Jahre Ewald Praxmarer &#8211; 50 Jahre\u00a0 Andr\u00e4 Klotz &#8211; Verdienstabzeichen in Gr\u00fcn Wir bedanken uns bei allen, die gekommen sind und uns immer unterst\u00fctzen. Wir hoffen, viele bei unseren weiteren Terminen zu sehen &#8211; Wattertunier am 30.05 im Pavillion Huben. \u00a0 \u00a0<\/p>\n","protected":false},"author":3,"featured_media":4384,"comment_status":"closed","ping_status":"open","sticky":false,"template":"","format":"standard","meta":{"footnotes":""},"categories":[32,1],"tags":[],"class_list":["post-4378","post","type-post","status-publish","format-standard","has-post-thumbnail","hentry","category-32","category-allgemein"],"_links":{"self":[{"href":"http:\/\/www.musikkapellehuben.at\/mkneu\/wp-json\/wp\/v2\/posts\/4378"}],"collection":[{"href":"http:\/\/www.musikkapellehuben.at\/mkneu\/wp-json\/wp\/v2\/posts"}],"about":[{"href":"http:\/\/www.musikkapellehuben.at\/mkneu\/wp-json\/wp\/v2\/types\/post"}],"author":[{"embeddable":true,"href":"http:\/\/www.musikkapellehuben.at\/mkneu\/wp-json\/wp\/v2\/users\/3"}],"replies":[{"embeddable":true,"href":"http:\/\/www.musikkapellehuben.at\/mkneu\/wp-json\/wp\/v2\/comments?post=4378"}],"version-history":[{"count":4,"href":"http:\/\/www.musikkapellehuben.at\/mkneu\/wp-json\/wp\/v2\/posts\/4378\/revisions"}],"predecessor-version":[{"id":4391,"href":"http:\/\/www.musikkapellehuben.at\/mkneu\/wp-json\/wp\/v2\/posts\/4378\/revisions\/4391"}],"wp:featuredmedia":[{"embeddable":true,"href":"http:\/\/www.musikkapellehuben.at\/mkneu\/wp-json\/wp\/v2\/media\/4384"}],"wp:attachment":[{"href":"http:\/\/www.musikkapellehuben.at\/mkneu\/wp-json\/wp\/v2\/media?parent=4378"}],"wp:term":[{"taxonomy":"category","embeddable":true,"href":"http:\/\/www.musikkapellehuben.at\/mkneu\/wp-json\/wp\/v2\/categories?post=4378"},{"taxonomy":"post_tag","embeddable":true,"href":"http:\/\/www.musikkapellehuben.at\/mkneu\/wp-json\/wp\/v2\/tags?post=4378"}],"curies":[{"name":"wp","href":"https:\/\/api.w.org\/{rel}","templated":true}]}}