{"id":4227,"date":"2026-03-11T17:44:37","date_gmt":"2026-03-11T16:44:37","guid":{"rendered":"http:\/\/www.musikkapellehuben.at\/mkneu\/?p=4227"},"modified":"2026-03-11T17:44:37","modified_gmt":"2026-03-11T16:44:37","slug":"musikskitag-2","status":"publish","type":"post","link":"http:\/\/www.musikkapellehuben.at\/mkneu\/musikskitag-2\/","title":{"rendered":"Musikskitag"},"content":{"rendered":"\n<p>Am 07.M\u00e4rz tauschten wir die Instrumente gegen die ski. Bei unserem j\u00e4hrlichen Musikskitag, machten wir uns auf dem Weg nach S\u00f6lden. Bei besten Wetter ging es dann hoch auf den Gaislachkogel.<\/p>\n\n\n\n<p>Von dort zogen wir die ersten Schw\u00fcnge. Nach einem skireichen Vormittag, machten wir es uns auf der Heidealm gem\u00fctlich. <\/p>\n\n\n\n<figure class=\"wp-block-image size-large\"><img loading=\"lazy\" decoding=\"async\" width=\"1020\" height=\"765\" src=\"http:\/\/www.musikkapellehuben.at\/mkneu\/wp-content\/uploads\/2026\/03\/1ab954f0-c04b-4207-9f1b-ef89ad8c63a0-1020x765.jpg\" class=\"wp-image-4229\" srcset=\"http:\/\/www.musikkapellehuben.at\/mkneu\/wp-content\/uploads\/2026\/03\/1ab954f0-c04b-4207-9f1b-ef89ad8c63a0-1020x765.jpg 1020w, http:\/\/www.musikkapellehuben.at\/mkneu\/wp-content\/uploads\/2026\/03\/1ab954f0-c04b-4207-9f1b-ef89ad8c63a0-632x474.jpg 632w, http:\/\/www.musikkapellehuben.at\/mkneu\/wp-content\/uploads\/2026\/03\/1ab954f0-c04b-4207-9f1b-ef89ad8c63a0-768x576.jpg 768w, http:\/\/www.musikkapellehuben.at\/mkneu\/wp-content\/uploads\/2026\/03\/1ab954f0-c04b-4207-9f1b-ef89ad8c63a0-1536x1152.jpg 1536w, http:\/\/www.musikkapellehuben.at\/mkneu\/wp-content\/uploads\/2026\/03\/1ab954f0-c04b-4207-9f1b-ef89ad8c63a0-1140x855.jpg 1140w, http:\/\/www.musikkapellehuben.at\/mkneu\/wp-content\/uploads\/2026\/03\/1ab954f0-c04b-4207-9f1b-ef89ad8c63a0.jpg 1600w\" sizes=\"(max-width: 1020px) 100vw, 1020px\" \/><\/figure>\n\n\n\n<p>Nach einem leckeren Mittagessen lie\u00dfen wir unseren Skitag noch kameradschaftlich ausklingen. <\/p>\n\n\n\n<figure class=\"wp-block-image size-large\"><img loading=\"lazy\" decoding=\"async\" width=\"1020\" height=\"765\" src=\"http:\/\/www.musikkapellehuben.at\/mkneu\/wp-content\/uploads\/2026\/03\/img_3919-1020x765.jpg\" alt=\"\" class=\"wp-image-4226\" srcset=\"http:\/\/www.musikkapellehuben.at\/mkneu\/wp-content\/uploads\/2026\/03\/img_3919-1020x765.jpg 1020w, http:\/\/www.musikkapellehuben.at\/mkneu\/wp-content\/uploads\/2026\/03\/img_3919-632x474.jpg 632w, http:\/\/www.musikkapellehuben.at\/mkneu\/wp-content\/uploads\/2026\/03\/img_3919-768x576.jpg 768w, http:\/\/www.musikkapellehuben.at\/mkneu\/wp-content\/uploads\/2026\/03\/img_3919-1536x1152.jpg 1536w, http:\/\/www.musikkapellehuben.at\/mkneu\/wp-content\/uploads\/2026\/03\/img_3919-1140x855.jpg 1140w, http:\/\/www.musikkapellehuben.at\/mkneu\/wp-content\/uploads\/2026\/03\/img_3919.jpg 2000w\" sizes=\"(max-width: 1020px) 100vw, 1020px\" \/><\/figure>\n","protected":false},"excerpt":{"rendered":"<p>Am 07.M\u00e4rz tauschten wir die Instrumente gegen die ski. Bei unserem j\u00e4hrlichen Musikskitag, machten wir uns auf dem Weg nach S\u00f6lden. Bei besten Wetter ging es dann hoch auf den Gaislachkogel. Von dort zogen wir die ersten Schw\u00fcnge. Nach einem skireichen Vormittag, machten wir es uns auf der Heidealm gem\u00fctlich. Nach einem leckeren Mittagessen lie\u00dfen wir unseren Skitag noch kameradschaftlich ausklingen.<\/p>\n","protected":false},"author":3,"featured_media":4230,"comment_status":"closed","ping_status":"open","sticky":false,"template":"","format":"standard","meta":{"footnotes":""},"categories":[1],"tags":[],"class_list":["post-4227","post","type-post","status-publish","format-standard","has-post-thumbnail","hentry","category-allgemein"],"_links":{"self":[{"href":"http:\/\/www.musikkapellehuben.at\/mkneu\/wp-json\/wp\/v2\/posts\/4227"}],"collection":[{"href":"http:\/\/www.musikkapellehuben.at\/mkneu\/wp-json\/wp\/v2\/posts"}],"about":[{"href":"http:\/\/www.musikkapellehuben.at\/mkneu\/wp-json\/wp\/v2\/types\/post"}],"author":[{"embeddable":true,"href":"http:\/\/www.musikkapellehuben.at\/mkneu\/wp-json\/wp\/v2\/users\/3"}],"replies":[{"embeddable":true,"href":"http:\/\/www.musikkapellehuben.at\/mkneu\/wp-json\/wp\/v2\/comments?post=4227"}],"version-history":[{"count":2,"href":"http:\/\/www.musikkapellehuben.at\/mkneu\/wp-json\/wp\/v2\/posts\/4227\/revisions"}],"predecessor-version":[{"id":4231,"href":"http:\/\/www.musikkapellehuben.at\/mkneu\/wp-json\/wp\/v2\/posts\/4227\/revisions\/4231"}],"wp:featuredmedia":[{"embeddable":true,"href":"http:\/\/www.musikkapellehuben.at\/mkneu\/wp-json\/wp\/v2\/media\/4230"}],"wp:attachment":[{"href":"http:\/\/www.musikkapellehuben.at\/mkneu\/wp-json\/wp\/v2\/media?parent=4227"}],"wp:term":[{"taxonomy":"category","embeddable":true,"href":"http:\/\/www.musikkapellehuben.at\/mkneu\/wp-json\/wp\/v2\/categories?post=4227"},{"taxonomy":"post_tag","embeddable":true,"href":"http:\/\/www.musikkapellehuben.at\/mkneu\/wp-json\/wp\/v2\/tags?post=4227"}],"curies":[{"name":"wp","href":"https:\/\/api.w.org\/{rel}","templated":true}]}}