{"id":2731,"date":"2023-06-12T16:17:20","date_gmt":"2023-06-12T15:17:20","guid":{"rendered":"http:\/\/www.musikkapellehuben.at\/mkneu\/?p=2731"},"modified":"2023-06-12T16:17:22","modified_gmt":"2023-06-12T15:17:22","slug":"gratulation-zu-den-leistungsabzeichen-2","status":"publish","type":"post","link":"http:\/\/www.musikkapellehuben.at\/mkneu\/gratulation-zu-den-leistungsabzeichen-2\/","title":{"rendered":"Gratulation zu den Leistungsabzeichen"},"content":{"rendered":"\n<p style=\"text-align: center;\">Dieses Jahr stellten sich wieder einige Jungmusikanten den Leistungspr\u00fcfungen in Bronze, Silber und Gold. Auch eine Diplompr\u00fcfung wurde abgelegt. Die\u00a0Ergebnisse k\u00f6nnen sich auf jeden Fall sehen lassen:<br \/><br \/><\/p>\n<p style=\"text-align: center;\">BRONZE<\/p>\n<p style=\"text-align: center;\">Br\u00fcggler Domenica &#8211; Trompete (Ausgezeichneter Erfolg)<\/p>\n<p style=\"text-align: center;\">Br\u00fcggler Vitus &#8211; Trompete (Ausgezeichneter Erfolg)<\/p>\n<p style=\"text-align: center;\">Kuprian Maria &#8211; Oboe (Ausgezeichneter Erfolg)<\/p>\n<p style=\"text-align: center;\">\u00a0<\/p>\n<p style=\"text-align: center;\">SILBER<\/p>\n<p style=\"text-align: center;\">Kuprian Lisa &#8211; Querfl\u00f6te (sehr guter Erfolg)<\/p>\n<p style=\"text-align: center;\">Klotz Klaudia &#8211; Klarinette (sehr guter Erfolg)<\/p>\n<p style=\"text-align: center;\">\u00a0<\/p>\n<p style=\"text-align: center;\">GOLD<\/p>\n<p style=\"text-align: center;\">Klotz Daniel &#8211; Fl\u00fcgelhorn (Ausgezeichneter Erfolg)<\/p>\n<p style=\"text-align: center;\">Wir gratulieren allen zu ihrer Pr\u00fcfung.\u00a0<\/p>\n<p style=\"text-align: center;\">\u00a0<\/p>\n<p style=\"text-align: center;\">Zur bestandenen DIPLOMPR\u00dcFUNG gratulieren wir KLOTZ JONAS.\u00a0<br \/><img loading=\"lazy\" decoding=\"async\" class=\"size-full wp-image-2732 alignnone\" src=\"http:\/\/www.musikkapellehuben.at\/mkneu\/wp-content\/uploads\/2023\/06\/96F10754-2212-427C-8A49-2592DFE54708.jpeg\" alt=\"\" width=\"411\" height=\"300\" \/><\/p>\n<p>\u00a0<\/p>\n","protected":false},"excerpt":{"rendered":"<p>Dieses Jahr stellten sich wieder einige Jungmusikanten den Leistungspr\u00fcfungen in Bronze, Silber und Gold. Auch eine Diplompr\u00fcfung wurde abgelegt. Die\u00a0Ergebnisse k\u00f6nnen sich auf jeden Fall sehen lassen: BRONZE Br\u00fcggler Domenica &#8211; Trompete (Ausgezeichneter Erfolg) Br\u00fcggler Vitus &#8211; Trompete (Ausgezeichneter Erfolg) Kuprian Maria &#8211; Oboe (Ausgezeichneter Erfolg) \u00a0 SILBER Kuprian Lisa &#8211; Querfl\u00f6te (sehr guter Erfolg) Klotz Klaudia &#8211; Klarinette (sehr guter Erfolg) \u00a0 GOLD Klotz Daniel &#8211; Fl\u00fcgelhorn (Ausgezeichneter Erfolg) Wir gratulieren allen zu ihrer Pr\u00fcfung.\u00a0 \u00a0 Zur bestandenen DIPLOMPR\u00dcFUNG gratulieren wir KLOTZ JONAS.\u00a0 \u00a0<\/p>\n","protected":false},"author":3,"featured_media":2732,"comment_status":"closed","ping_status":"open","sticky":false,"template":"","format":"standard","meta":{"footnotes":""},"categories":[25],"tags":[],"class_list":["post-2731","post","type-post","status-publish","format-standard","has-post-thumbnail","hentry","category-25"],"_links":{"self":[{"href":"http:\/\/www.musikkapellehuben.at\/mkneu\/wp-json\/wp\/v2\/posts\/2731"}],"collection":[{"href":"http:\/\/www.musikkapellehuben.at\/mkneu\/wp-json\/wp\/v2\/posts"}],"about":[{"href":"http:\/\/www.musikkapellehuben.at\/mkneu\/wp-json\/wp\/v2\/types\/post"}],"author":[{"embeddable":true,"href":"http:\/\/www.musikkapellehuben.at\/mkneu\/wp-json\/wp\/v2\/users\/3"}],"replies":[{"embeddable":true,"href":"http:\/\/www.musikkapellehuben.at\/mkneu\/wp-json\/wp\/v2\/comments?post=2731"}],"version-history":[{"count":1,"href":"http:\/\/www.musikkapellehuben.at\/mkneu\/wp-json\/wp\/v2\/posts\/2731\/revisions"}],"predecessor-version":[{"id":2733,"href":"http:\/\/www.musikkapellehuben.at\/mkneu\/wp-json\/wp\/v2\/posts\/2731\/revisions\/2733"}],"wp:featuredmedia":[{"embeddable":true,"href":"http:\/\/www.musikkapellehuben.at\/mkneu\/wp-json\/wp\/v2\/media\/2732"}],"wp:attachment":[{"href":"http:\/\/www.musikkapellehuben.at\/mkneu\/wp-json\/wp\/v2\/media?parent=2731"}],"wp:term":[{"taxonomy":"category","embeddable":true,"href":"http:\/\/www.musikkapellehuben.at\/mkneu\/wp-json\/wp\/v2\/categories?post=2731"},{"taxonomy":"post_tag","embeddable":true,"href":"http:\/\/www.musikkapellehuben.at\/mkneu\/wp-json\/wp\/v2\/tags?post=2731"}],"curies":[{"name":"wp","href":"https:\/\/api.w.org\/{rel}","templated":true}]}}